{"id":3547,"date":"2018-07-15T00:00:00","date_gmt":"2018-07-15T00:00:00","guid":{"rendered":"https:\/\/ttaenergy.com\/successful-2nd-conference-on-solar-technologies-hybrid-mini-grids-to-improve-energy-access-held-in-mallorca-october-2018"},"modified":"2018-07-15T00:00:00","modified_gmt":"2018-07-15T00:00:00","slug":"successful-2nd-conference-on-solar-technologies-hybrid-mini-grids-to-improve-energy-access-held-in-mallorca-october-2018","status":"publish","type":"post","link":"https:\/\/ttaenergy.com\/es\/successful-2nd-conference-on-solar-technologies-hybrid-mini-grids-to-improve-energy-access-held-in-mallorca-october-2018","title":{"rendered":"Successful 2nd Conference on Solar Technologies &#038; Hybrid Mini Grids to improve energy access held in Mallorca, October 2018"},"content":{"rendered":"<p><a href=\"http:\/\/www.energy-access-conferences.com\/17286\/detail\/international-conference-on-solar-technologies-and-hybrid-mini-grids-to-improve-energy-access.html\" target=\"_blank\"><img loading=\"lazy\" decoding=\"async\" src=\"data:image\/png;base64,iVBORw0KGgoAAAANSUhEUgAAAFgAAAAdCAIAAAChYjy8AAAH2klEQVRYhe2Y63MT1xnG8x\/sITVQGsgQUgiZNDOd5tK4DJ12mtIJHzJN29CmaacTJgmdTGDSCZeWJtb94mLC3STGTriYFGwwNjY2wdhgW1pJK0uru2RJlmRZd8nSancl7a5WOv0gYVOgpGDR0o6fb+fMOc959RvpvM\/RI3BBEEIIH\/lvF\/CwaAFEVQsgqloAUVUVBM\/zNTQtlWGCYsvlGlo+cFVB9PdfLteucG8y9+ODmC+Vr5Xhf0BVEG1tx+cDIpxlpJe9NFOsDK1hcmXDiCVMzS7oxGPn8Nh8Cn3QqoI4caJ9PiBCBLPkz0PiAXdlaAmRyz+6PgvCFc8t3jW8\/1pgnrU+UNUGBISwXR9Bdg6pJtMQwlCG2XzaEiVZCGGe418+hP30oJ4pluZf7oNTzUBACBsuuUc8qVsmWb70YZfLHqHuuOXh0f2DCBOFP56xnzfFiqW5jcVSud85I7jif\/+CZ3uftw2LBDOFm3eNedNbzti1AWL+pddW9w8iQbG\/ajUu2jFcv1frSdAQQpUvs67ZBCTjS4Rjz+zVrZShQKz7plSzd2S6DGGe4zd9bgI7h9btw\/DpbO0\/yvz09SA8qfyQN40GslGSKd22RuMndl90hzKFMT+xVKpZvQfrMMULRR5CWC5De4z+3RknUFq297pplhcPeC9aExUTmuX106RmKjuTK866RUlW5SdMEZrl5w6aSOaHPBlnnL75XEc8N+ie0QXJmRxXWZpjeWyavOpJ22J0jrvnWHQ3EDmW\/6BnYolYDSR6INbXidCjmvAdXZhi6fkD+ieUGk8yVy6XW7FIw1e+kcnMgDMVyBTe65oA0vFLzrnro8+RfOEgDqTjQGZc3aRvRkMcX5YN+ZfLNUCOIxJ9\/WFcO5UlCsUt512IQAVkRkSgfveci2R4osC\/+aV9UcMYEGNAon9Mpu13pkwRel0zjgg1QIwBsf7Fg\/pAunDHUu8HRJ8jCWT49\/brL9iSJ8ejmztd\/a6ZO7r0OVJAOn5YHYIQ\/vKkFcjwxyTqxYJRIDedHI+maG65XPP6KVtlsTFELZWgiFDzTqdrW7f72416+VCgGQ0DOb5Kod11aXJTu3XN37BBT3p7rxfITW\/+3dFujP3+jBPIzQ1XfJ9pw0Bp\/VkL3mNPHtNG\/nDWaQiRm9rtQGHe3uftc6TkQ4F3z7ko5t6+FHcD0WVNALnp2U\/0bVh01EfEKRZCOOCceaXNsrHV9Eqb5Y0v7TGKgxB+NOB7VKByJnKD7jSQGj7+ykcxfDMaAjJDGxaBEG5sNa1RaisddEevF8hN4kFf5ZQ4yRS40vcP6RdLNNcnM5XJFM3FKfZxmXqZRHPWFMeC2Q5TfLFQ9XSTbveAFyjM65uNJw1RdCpL5IsVfyA3vd3p6rIlrVG6yN9zq74bCJLh3+ty1YlUQGkFCvPavfoee6rLllzbhD3dpFu7B1t3xBDOshDC9y+4lwjHpolCqy6CiLFr3jSE0J8uIEJNuzFWKXS1UsMWSxDC35y2ATE25p+7L5M5bqUMfapRzRTnarDH6DrBaJ1w7EklukysXiFFn1Bqv9OEoYHsb9ttiEAFlFYgw587YFQHCDRAvHTYCCR6oLQhIu1rJ8yVFFMbEBVFsuzIZEY86Adi7PkDeoopUmyRYnmK5XNctXM2XptCBGp9kLRGaUSAbmjBOy3xX7fbgdK6tdvdY09+Q4hu7nBUDHf2eYHcJLrirwyjWSbPlV46ZFgs0Q570pXJBMUmaW6VQrNMgo76MkShmKS5iUQuQbEQQr5UCqQLQ570tm43UJh\/\/oUVQpjneEc81+tIvdyCL2q0H0VDNQMx6J7Z0GrZPzZ9wZoUD\/qB1LChBefvxEsXJBAx9uFFD4Rw\/2hwqQhFhJofNhtfPW5BGlSISFt\/xOhO5iqL8TC5VKxGhJq3O1xbu92rlJjkqv8IGgIyfJVCu\/OSd9Mp25ONuisT6d0Dk0Bh2XDM1KKNiAb964+aNFPZs6b4xs9tn2nD3bbkBz0TixTmtzqcf+rxbO5wnDbGzlsSP2kxAYW505yoGYjzlvhTe8YRkQ6IMUSk\/dGnZkOIvN2iVIZ8Gb5+yoaIsE5LAkIYI1nTjSg57M1cnkhn8sWbt\/Q7Uy8eMgKJHsiMa5rGm9EQx5eUw4HHFVogMyJi7AfNOBogSIbf2u1+VKACUgMi0T+7b3zAlTqmC6+Q6yrdARGoX\/3CYo1SW867wI0+slSi3tHrudcO+jU\/DZrlLVF62Js2R+nbHwuRLNt41b9+n9YRpUNZpv4IjkjHt3W71X4iRDCGECUfCmzrdleCA8kUt19wtesjebZYcTaGKV0wO5PjZg1jJItOZS1Rmrsprfpm8tcnM3hkLh1k8kVjmBr2pu3x3GzVoSyDBrKjPiKYYe4Jwb8F4i7yz+SfkatWCEd3dU\/ESAZCmMpxW7u9dcIxRIAiH48hAhUiUL920hKnOAghxfBvnbLW\/eXadxs12NT\/YLL8VyLy3FlDdPqm3MJwJQhhMFPodaROG2PnrAnHP8dBCCE+Te7qcRuC\/0cgbpFqMl3\/iSZ044lFFqqXAs3wm9st2NRD98q6RbUBkc5xzzWibxw3V+6RJM2t26dFfRkIIVMs\/+IYXr9XO4vm4VRtQHyqCq4WjYSJ6i0VIdjV4tGrE9U8HswUvvXXa8obUfLh1MLf+VUtgKjqH7kSucS46Id+AAAAAElFTkSuQmCC\" alt=\"\" width=\"87\" height=\"29\" \/><\/a>TTA, GIZ and Universitat de les Illes Balears were happy to welcome 135 participants from 37 countries to this Conference held October 17 to 19, 2018.&nbsp; Participants considered that this event offered a good balance of complementary topics related to energy access. Indeed, the exchange between practitioners from industry, academia and development institutions working in the field of decentralized energy proved to be very fruitful.&nbsp; Researchers also had the opportunity to share their work with manufacturers and practitioners. The Innovation Lab was a strong feature of the Conference; participants shared their views and were involved in small discussion groups from the start.<\/p>\n<p><\/p>\n","protected":false},"excerpt":{"rendered":"<p>TTA, GIZ and Universitat de les Illes Balears were happy to welcome 135 participants from 37 countries to this Conference held October 17 to 19, 2018.&nbsp; Participants considered that this event offered a good balance of complementary topics related to energy access. Indeed, the exchange between practitioners from industry, academia and development institutions working in [&hellip;]<\/p>\n","protected":false},"author":4,"featured_media":0,"comment_status":"open","ping_status":"open","sticky":false,"template":"","format":"standard","meta":{"_jf_save_progress":"","footnotes":""},"categories":[1],"tags":[],"class_list":["post-3547","post","type-post","status-publish","format-standard","hentry","category-sin-categoria"],"_wp_attached_file":null,"_wp_attachment_metadata":null,"_menu_item_type":null,"_menu_item_menu_item_parent":null,"_menu_item_object_id":null,"_menu_item_object":null,"_menu_item_target":null,"_menu_item_classes":null,"_menu_item_xfn":null,"_menu_item_url":null,"elementor_font_files":null,"elementor_font_face":null,"_entry_type":null,"_listing_data":null,"_listing_type":null,"position":null,"_content":null,"_wpcode_auto_insert":null,"_wpcode_auto_insert_number":null,"_wpcode_library_id":null,"_wpcode_conditional_logic_enabled":null,"_wpcode_priority":null,"_wpcode_note":null,"_wpcode_location_extra":null,"_wpcode_shortcode_attributes":null,"ano":null,"contenido":null,"_jet_menu_content_type":null,"_is_deps_ready":null,"_is_style_deps":null,"_is_script_deps":null,"jet_menu_settings":null,"jet-menu-item":null,"_content_type":null,"intro":null,"gallery_tab":null,"gallery":null,"gallery_name":null,"tta_gallery":null,"points_info":null,"_oembed_7befe71c04536851b6485e7b012d3f0d":null,"_oembed_time_7befe71c04536851b6485e7b012d3f0d":null,"gallery_656":null,"titulo":null,"gallery_464":null,"_filter_type":null,"_data_source":null,"_is_hierarchical":null,"_ih_source_map":null,"_ih_terms_orderby":null,"_ih_terms_orderby_meta_value":null,"_ih_terms_order":null,"_query_switcher_notice":null,"_query_builder_queries_to_switch":null,"_query_builder_query":null,"_query_builder_value_prop":null,"_query_builder_label_prop":null,"_source_manual_input":null,"_source_taxonomy":null,"_terms_orderby":null,"_terms_orderby_meta_value":null,"_terms_order":null,"_terms_relational_operator":null,"_placeholder":null,"_source_manual_input_range":null,"_source_callback":null,"_source_min":null,"_source_max":null,"_source_step":null,"_values_prefix":null,"_values_suffix":null,"_range_inputs_enabled":null,"_range_inputs_separators_enabled":null,"_values_decimal_num":null,"_values_decimal_sep":null,"_values_thousand_sep":null,"_date_source":null,"_date_type":null,"_date_format":null,"_date_from_placeholder":null,"_date_to_placeholder":null,"_date_period_type":null,"_date_period_datepicker_button_text":null,"_date_available_range":null,"_date_available_range_custom_min":null,"_date_available_range_custom_max":null,"_date_available_range_custom_info":null,"_date_period_start_end_enabled":null,"_date_period_format":null,"_date_period_start_format":null,"_date_period_separator":null,"_date_period_end_format":null,"_date_period_date_formats_info":null,"_source_post_type":null,"_glossary_id":null,"_glossary_notice":null,"_add_all_option":null,"_all_option_label":null,"_ability_deselect_radio":null,"_rating_options":null,"_rating_compare_operand":null,"_alphabet_behavior":null,"_alphabet_radio_deselect":null,"_alphabet_options":null,"_s_by":null,"_s_placeholder":null,"_color_image_type":null,"_query_builder_color_prop":null,"_query_builder_image_prop":null,"_color_image_behavior":null,"_source_color_image_input":null,"_color_image_add_all_option":null,"_color_image_add_all_option_lael":null,"_color_image_add_all_option_image":null,"_color_image_ability_deselect_radio":null,"_show_empty_terms":null,"_only_child":null,"_group_by_parent":null,"_group_collapsible":null,"_source_custom_field":null,"_source_get_from_field_data":null,"_custom_field_source_plugin":null,"_is_custom_checkbox":null,"_use_exclude_include":null,"_data_exclude_include":null,"_query_var":null,"_is_custom_query_var":null,"_custom_query_var":null,"_query_compare":null,"_is_default_filter_value":null,"_default_filter_value":null,"_default_filter_value_info":null,"_default_filter_value_info_hierarchical":null,"_default_filter_value_info_range":null,"_default_filter_value_info_date":null,"_default_filter_value_info_multiple":null,"_filter_label":null,"_active_label":null,"imagen":null,"subir_archivo":null,"url":null,"archive":null,"pdf":null,"gallery_656_tab":null,"sub_titulo":null,"_wp_attachment_image_alt":null,"_wpcode_conditional_logic":null,"_oembed_e86a668bc3ee7c5a958c2d92b24e4e1a":null,"_oembed_time_e86a668bc3ee7c5a958c2d92b24e4e1a":null,"_oembed_3f6d6376e82defc5845a7849eeb3edca":null,"_oembed_bed9ea28b9142e17c5a2b2dc57b83ec2":null,"_oembed_time_bed9ea28b9142e17c5a2b2dc57b83ec2":null,"_oembed_e8774cfe25a0193042b87ecd3fb0c44e":null,"_oembed_time_e8774cfe25a0193042b87ecd3fb0c44e":null,"region_info":null,"globe_id_select":null,"globe_info":null,"titile":null,"wpml_media_processed":null,"_icl_lang_duplicate_of":null,"_oembed_445ecc46dc6835ff68f37644727e0408":null,"_oembed_time_445ecc46dc6835ff68f37644727e0408":null,"_oembed_dc42113d5204e1d9a965e152fea8eac2":null,"_oembed_time_dc42113d5204e1d9a965e152fea8eac2":null,"_oembed_6341e930caa1a62817d976c18d83bb6a":null,"_oembed_47a65fa45bff1986942b7b6655fb5f9d":null,"_oembed_time_47a65fa45bff1986942b7b6655fb5f9d":null,"code":null,"project_number":null,"latitude":null,"longitude":null,"_cct_notice":null,"_cct_checkboxes_info":null,"ID":null,"language":null,"_menu_item_orphaned":null,"_oembed_694628a381d204d95e22fe7db271b623":null,"_oembed_time_694628a381d204d95e22fe7db271b623":null,"_wp_attachment_backup_sizes":null,"donde_mostrar":null,"name":null,"geographical_regi":null,"position_in_tta":null,"email":null,"proyecto_realizado_para":null,"project_status":null,"start_date":null,"end_date":null,"country":null,"tta_category":null,"galery_image_2":null,"galery_image_3":null,"galery_image_4":null,"galery_image_5":null,"_wp_attachment_context":null,"_elementor_inline_svg":null,"_elementor_edit_mode":null,"_elementor_template_type":null,"_elementor_source":null,"_elementor_version":null,"_elementor_pro_version":null,"_edit_lock":"1740050704:2","_wp_page_template":"default","_elementor_data":null,"_elementor_conditions":null,"_elementor_page_settings":null,"_edit_last":null,"_thumbnail_id":null,"_wp_old_date":null,"image":null,"_elementor_controls_usage":null,"_dp_original":null,"globe_id":null,"order_number":null,"_elementor_oembed_cache":null,"_elementor_screenshot_failed":null,"_wp_old_slug":null,"_wp_desired_post_slug":null,"_wpml_word_count":"135","_wpml_location_migration_done":null,"_wpml_media_duplicate":null,"_wpml_media_featured":null,"location":null,"_last_translation_edit_mode":null,"_top_nav_excluded":null,"_cms_nav_minihome":null,"_elementor_template_widget_type":null,"_elementor_popup_display_settings":null,"codigo":null,"_wp_trash_meta_status":null,"_wp_trash_meta_time":null,"_elementor_css":null,"_elementor_page_assets":[],"yoast_head":"<!-- This site is optimized with the Yoast SEO plugin v27.2 - https:\/\/yoast.com\/product\/yoast-seo-wordpress\/ -->\n<title>Conferencia sobre Tecnolog\u00edas Solares y Mini Redes H\u00edbridas en Mallorca<\/title>\n<meta name=\"description\" content=\"Descubre la exitosa Conferencia sobre Tecnolog\u00edas Solares y Mini Redes H\u00edbridas, donde expertos de 37 pa\u00edses compartieron innovaciones para mejorar el acceso a la energ\u00eda.\" \/>\n<meta name=\"robots\" content=\"noindex, follow\" \/>\n<meta property=\"og:locale\" content=\"es_ES\" \/>\n<meta property=\"og:type\" content=\"article\" \/>\n<meta property=\"og:title\" content=\"Conferencia sobre Tecnolog\u00edas Solares y Mini Redes H\u00edbridas en Mallorca\" \/>\n<meta property=\"og:description\" content=\"Descubre la exitosa Conferencia sobre Tecnolog\u00edas Solares y Mini Redes H\u00edbridas, donde expertos de 37 pa\u00edses compartieron innovaciones para mejorar el acceso a la energ\u00eda.\" \/>\n<meta property=\"og:url\" content=\"https:\/\/ttaenergy.com\/es\/successful-2nd-conference-on-solar-technologies-hybrid-mini-grids-to-improve-energy-access-held-in-mallorca-october-2018\" \/>\n<meta property=\"og:site_name\" content=\"TTA\" \/>\n<meta property=\"article:published_time\" content=\"2018-07-15T00:00:00+00:00\" \/>\n<meta name=\"author\" content=\"test test\" \/>\n<meta name=\"twitter:card\" content=\"summary_large_image\" \/>\n<meta name=\"twitter:label1\" content=\"Escrito por\" \/>\n\t<meta name=\"twitter:data1\" content=\"test test\" \/>\n<script type=\"application\/ld+json\" class=\"yoast-schema-graph\">{\"@context\":\"https:\/\/schema.org\",\"@graph\":[{\"@type\":\"Article\",\"@id\":\"https:\/\/ttaenergy.com\/es\/successful-2nd-conference-on-solar-technologies-hybrid-mini-grids-to-improve-energy-access-held-in-mallorca-october-2018#article\",\"isPartOf\":{\"@id\":\"https:\/\/ttaenergy.com\/es\/successful-2nd-conference-on-solar-technologies-hybrid-mini-grids-to-improve-energy-access-held-in-mallorca-october-2018\"},\"author\":{\"name\":\"test test\",\"@id\":\"https:\/\/ttaenergy.com\/#\/schema\/person\/b3cde0192346a3928f06371bd4a19446\"},\"headline\":\"Successful 2nd Conference on Solar Technologies &#038; Hybrid Mini Grids to improve energy access held in Mallorca, October 2018\",\"datePublished\":\"2018-07-15T00:00:00+00:00\",\"mainEntityOfPage\":{\"@id\":\"https:\/\/ttaenergy.com\/es\/successful-2nd-conference-on-solar-technologies-hybrid-mini-grids-to-improve-energy-access-held-in-mallorca-october-2018\"},\"wordCount\":116,\"commentCount\":0,\"inLanguage\":\"es\",\"potentialAction\":[{\"@type\":\"CommentAction\",\"name\":\"Comment\",\"target\":[\"https:\/\/ttaenergy.com\/es\/successful-2nd-conference-on-solar-technologies-hybrid-mini-grids-to-improve-energy-access-held-in-mallorca-october-2018#respond\"]}]},{\"@type\":\"WebPage\",\"@id\":\"https:\/\/ttaenergy.com\/es\/successful-2nd-conference-on-solar-technologies-hybrid-mini-grids-to-improve-energy-access-held-in-mallorca-october-2018\",\"url\":\"https:\/\/ttaenergy.com\/es\/successful-2nd-conference-on-solar-technologies-hybrid-mini-grids-to-improve-energy-access-held-in-mallorca-october-2018\",\"name\":\"Conferencia sobre Tecnolog\u00edas Solares y Mini Redes H\u00edbridas en Mallorca\",\"isPartOf\":{\"@id\":\"https:\/\/ttaenergy.com\/#website\"},\"datePublished\":\"2018-07-15T00:00:00+00:00\",\"author\":{\"@id\":\"https:\/\/ttaenergy.com\/#\/schema\/person\/b3cde0192346a3928f06371bd4a19446\"},\"description\":\"Descubre la exitosa Conferencia sobre Tecnolog\u00edas Solares y Mini Redes H\u00edbridas, donde expertos de 37 pa\u00edses compartieron innovaciones para mejorar el acceso a la energ\u00eda.\",\"breadcrumb\":{\"@id\":\"https:\/\/ttaenergy.com\/es\/successful-2nd-conference-on-solar-technologies-hybrid-mini-grids-to-improve-energy-access-held-in-mallorca-october-2018#breadcrumb\"},\"inLanguage\":\"es\",\"potentialAction\":[{\"@type\":\"ReadAction\",\"target\":[\"https:\/\/ttaenergy.com\/es\/successful-2nd-conference-on-solar-technologies-hybrid-mini-grids-to-improve-energy-access-held-in-mallorca-october-2018\"]}]},{\"@type\":\"BreadcrumbList\",\"@id\":\"https:\/\/ttaenergy.com\/es\/successful-2nd-conference-on-solar-technologies-hybrid-mini-grids-to-improve-energy-access-held-in-mallorca-october-2018#breadcrumb\",\"itemListElement\":[{\"@type\":\"ListItem\",\"position\":1,\"name\":\"Home\",\"item\":\"https:\/\/ttaenergy.com\/\"},{\"@type\":\"ListItem\",\"position\":2,\"name\":\"Successful 2nd Conference on Solar Technologies &#038; Hybrid Mini Grids to improve energy access held in Mallorca, October 2018\"}]},{\"@type\":\"WebSite\",\"@id\":\"https:\/\/ttaenergy.com\/#website\",\"url\":\"https:\/\/ttaenergy.com\/\",\"name\":\"TTA\",\"description\":\"\",\"potentialAction\":[{\"@type\":\"SearchAction\",\"target\":{\"@type\":\"EntryPoint\",\"urlTemplate\":\"https:\/\/ttaenergy.com\/?s={search_term_string}\"},\"query-input\":{\"@type\":\"PropertyValueSpecification\",\"valueRequired\":true,\"valueName\":\"search_term_string\"}}],\"inLanguage\":\"es\"},{\"@type\":\"Person\",\"@id\":\"https:\/\/ttaenergy.com\/#\/schema\/person\/b3cde0192346a3928f06371bd4a19446\",\"name\":\"test test\",\"image\":{\"@type\":\"ImageObject\",\"inLanguage\":\"es\",\"@id\":\"https:\/\/secure.gravatar.com\/avatar\/9cb2847ae79eb6df44f9383d7246d4f739c3db024a8a751561ff084e734def7e?s=96&d=mm&r=g\",\"url\":\"https:\/\/secure.gravatar.com\/avatar\/9cb2847ae79eb6df44f9383d7246d4f739c3db024a8a751561ff084e734def7e?s=96&d=mm&r=g\",\"contentUrl\":\"https:\/\/secure.gravatar.com\/avatar\/9cb2847ae79eb6df44f9383d7246d4f739c3db024a8a751561ff084e734def7e?s=96&d=mm&r=g\",\"caption\":\"test test\"},\"url\":\"https:\/\/ttaenergy.com\/es\/author\/editor\"}]}<\/script>\n<!-- \/ Yoast SEO plugin. -->","yoast_head_json":{"title":"Conferencia sobre Tecnolog\u00edas Solares y Mini Redes H\u00edbridas en Mallorca","description":"Descubre la exitosa Conferencia sobre Tecnolog\u00edas Solares y Mini Redes H\u00edbridas, donde expertos de 37 pa\u00edses compartieron innovaciones para mejorar el acceso a la energ\u00eda.","robots":{"index":"noindex","follow":"follow"},"og_locale":"es_ES","og_type":"article","og_title":"Conferencia sobre Tecnolog\u00edas Solares y Mini Redes H\u00edbridas en Mallorca","og_description":"Descubre la exitosa Conferencia sobre Tecnolog\u00edas Solares y Mini Redes H\u00edbridas, donde expertos de 37 pa\u00edses compartieron innovaciones para mejorar el acceso a la energ\u00eda.","og_url":"https:\/\/ttaenergy.com\/es\/successful-2nd-conference-on-solar-technologies-hybrid-mini-grids-to-improve-energy-access-held-in-mallorca-october-2018","og_site_name":"TTA","article_published_time":"2018-07-15T00:00:00+00:00","author":"test test","twitter_card":"summary_large_image","twitter_misc":{"Escrito por":"test test"},"schema":{"@context":"https:\/\/schema.org","@graph":[{"@type":"Article","@id":"https:\/\/ttaenergy.com\/es\/successful-2nd-conference-on-solar-technologies-hybrid-mini-grids-to-improve-energy-access-held-in-mallorca-october-2018#article","isPartOf":{"@id":"https:\/\/ttaenergy.com\/es\/successful-2nd-conference-on-solar-technologies-hybrid-mini-grids-to-improve-energy-access-held-in-mallorca-october-2018"},"author":{"name":"test test","@id":"https:\/\/ttaenergy.com\/#\/schema\/person\/b3cde0192346a3928f06371bd4a19446"},"headline":"Successful 2nd Conference on Solar Technologies &#038; Hybrid Mini Grids to improve energy access held in Mallorca, October 2018","datePublished":"2018-07-15T00:00:00+00:00","mainEntityOfPage":{"@id":"https:\/\/ttaenergy.com\/es\/successful-2nd-conference-on-solar-technologies-hybrid-mini-grids-to-improve-energy-access-held-in-mallorca-october-2018"},"wordCount":116,"commentCount":0,"inLanguage":"es","potentialAction":[{"@type":"CommentAction","name":"Comment","target":["https:\/\/ttaenergy.com\/es\/successful-2nd-conference-on-solar-technologies-hybrid-mini-grids-to-improve-energy-access-held-in-mallorca-october-2018#respond"]}]},{"@type":"WebPage","@id":"https:\/\/ttaenergy.com\/es\/successful-2nd-conference-on-solar-technologies-hybrid-mini-grids-to-improve-energy-access-held-in-mallorca-october-2018","url":"https:\/\/ttaenergy.com\/es\/successful-2nd-conference-on-solar-technologies-hybrid-mini-grids-to-improve-energy-access-held-in-mallorca-october-2018","name":"Conferencia sobre Tecnolog\u00edas Solares y Mini Redes H\u00edbridas en Mallorca","isPartOf":{"@id":"https:\/\/ttaenergy.com\/#website"},"datePublished":"2018-07-15T00:00:00+00:00","author":{"@id":"https:\/\/ttaenergy.com\/#\/schema\/person\/b3cde0192346a3928f06371bd4a19446"},"description":"Descubre la exitosa Conferencia sobre Tecnolog\u00edas Solares y Mini Redes H\u00edbridas, donde expertos de 37 pa\u00edses compartieron innovaciones para mejorar el acceso a la energ\u00eda.","breadcrumb":{"@id":"https:\/\/ttaenergy.com\/es\/successful-2nd-conference-on-solar-technologies-hybrid-mini-grids-to-improve-energy-access-held-in-mallorca-october-2018#breadcrumb"},"inLanguage":"es","potentialAction":[{"@type":"ReadAction","target":["https:\/\/ttaenergy.com\/es\/successful-2nd-conference-on-solar-technologies-hybrid-mini-grids-to-improve-energy-access-held-in-mallorca-october-2018"]}]},{"@type":"BreadcrumbList","@id":"https:\/\/ttaenergy.com\/es\/successful-2nd-conference-on-solar-technologies-hybrid-mini-grids-to-improve-energy-access-held-in-mallorca-october-2018#breadcrumb","itemListElement":[{"@type":"ListItem","position":1,"name":"Home","item":"https:\/\/ttaenergy.com\/"},{"@type":"ListItem","position":2,"name":"Successful 2nd Conference on Solar Technologies &#038; Hybrid Mini Grids to improve energy access held in Mallorca, October 2018"}]},{"@type":"WebSite","@id":"https:\/\/ttaenergy.com\/#website","url":"https:\/\/ttaenergy.com\/","name":"TTA","description":"","potentialAction":[{"@type":"SearchAction","target":{"@type":"EntryPoint","urlTemplate":"https:\/\/ttaenergy.com\/?s={search_term_string}"},"query-input":{"@type":"PropertyValueSpecification","valueRequired":true,"valueName":"search_term_string"}}],"inLanguage":"es"},{"@type":"Person","@id":"https:\/\/ttaenergy.com\/#\/schema\/person\/b3cde0192346a3928f06371bd4a19446","name":"test test","image":{"@type":"ImageObject","inLanguage":"es","@id":"https:\/\/secure.gravatar.com\/avatar\/9cb2847ae79eb6df44f9383d7246d4f739c3db024a8a751561ff084e734def7e?s=96&d=mm&r=g","url":"https:\/\/secure.gravatar.com\/avatar\/9cb2847ae79eb6df44f9383d7246d4f739c3db024a8a751561ff084e734def7e?s=96&d=mm&r=g","contentUrl":"https:\/\/secure.gravatar.com\/avatar\/9cb2847ae79eb6df44f9383d7246d4f739c3db024a8a751561ff084e734def7e?s=96&d=mm&r=g","caption":"test test"},"url":"https:\/\/ttaenergy.com\/es\/author\/editor"}]}},"_links":{"self":[{"href":"https:\/\/ttaenergy.com\/es\/wp-json\/wp\/v2\/posts\/3547","targetHints":{"allow":["GET"]}}],"collection":[{"href":"https:\/\/ttaenergy.com\/es\/wp-json\/wp\/v2\/posts"}],"about":[{"href":"https:\/\/ttaenergy.com\/es\/wp-json\/wp\/v2\/types\/post"}],"author":[{"embeddable":true,"href":"https:\/\/ttaenergy.com\/es\/wp-json\/wp\/v2\/users\/4"}],"replies":[{"embeddable":true,"href":"https:\/\/ttaenergy.com\/es\/wp-json\/wp\/v2\/comments?post=3547"}],"version-history":[{"count":0,"href":"https:\/\/ttaenergy.com\/es\/wp-json\/wp\/v2\/posts\/3547\/revisions"}],"wp:attachment":[{"href":"https:\/\/ttaenergy.com\/es\/wp-json\/wp\/v2\/media?parent=3547"}],"wp:term":[{"taxonomy":"category","embeddable":true,"href":"https:\/\/ttaenergy.com\/es\/wp-json\/wp\/v2\/categories?post=3547"},{"taxonomy":"post_tag","embeddable":true,"href":"https:\/\/ttaenergy.com\/es\/wp-json\/wp\/v2\/tags?post=3547"}],"curies":[{"name":"wp","href":"https:\/\/api.w.org\/{rel}","templated":true}]}}